{"id":1315,"date":"2023-06-27T14:21:48","date_gmt":"2023-06-27T14:21:48","guid":{"rendered":"https:\/\/villasassitorino.it\/?p=1315"},"modified":"2023-07-18T16:13:12","modified_gmt":"2023-07-18T16:13:12","slug":"ansa","status":"publish","type":"post","link":"https:\/\/villasassitorino.it\/en\/ansa\/","title":{"rendered":"Ansa"},"content":{"rendered":"<p><img loading=\"lazy\" decoding=\"async\" width=\"1280\" height=\"124\" src=\"https:\/\/villasassitorino.it\/wp-content\/uploads\/2023\/06\/salone-off-lidia-poet-top.webp\" alt=\"\" srcset=\"https:\/\/villasassitorino.it\/wp-content\/uploads\/2023\/06\/salone-off-lidia-poet-top.webp 1280w, https:\/\/villasassitorino.it\/wp-content\/uploads\/2023\/06\/salone-off-lidia-poet-top-300x29.webp 300w, https:\/\/villasassitorino.it\/wp-content\/uploads\/2023\/06\/salone-off-lidia-poet-top-1024x99.webp 1024w, https:\/\/villasassitorino.it\/wp-content\/uploads\/2023\/06\/salone-off-lidia-poet-top-768x74.webp 768w\" sizes=\"auto, (max-width: 1280px) 100vw, 1280px\"><br \/>\n<img loading=\"lazy\" decoding=\"async\" width=\"1280\" height=\"2080\" src=\"https:\/\/villasassitorino.it\/wp-content\/uploads\/2023\/06\/salone-off-lidia-poet.webp\" alt=\"\" srcset=\"https:\/\/villasassitorino.it\/wp-content\/uploads\/2023\/06\/salone-off-lidia-poet.webp 1280w, https:\/\/villasassitorino.it\/wp-content\/uploads\/2023\/06\/salone-off-lidia-poet-185x300.webp 185w, https:\/\/villasassitorino.it\/wp-content\/uploads\/2023\/06\/salone-off-lidia-poet-630x1024.webp 630w, https:\/\/villasassitorino.it\/wp-content\/uploads\/2023\/06\/salone-off-lidia-poet-768x1248.webp 768w, https:\/\/villasassitorino.it\/wp-content\/uploads\/2023\/06\/salone-off-lidia-poet-945x1536.webp 945w, https:\/\/villasassitorino.it\/wp-content\/uploads\/2023\/06\/salone-off-lidia-poet-1260x2048.webp 1260w\" sizes=\"auto, (max-width: 1280px) 100vw, 1280px\"><br \/>\n<img loading=\"lazy\" decoding=\"async\" width=\"1280\" height=\"847\" src=\"https:\/\/villasassitorino.it\/wp-content\/uploads\/2023\/06\/salone-off-lidia-poet-centro.webp\" alt=\"\" srcset=\"https:\/\/villasassitorino.it\/wp-content\/uploads\/2023\/06\/salone-off-lidia-poet-centro.webp 1280w, https:\/\/villasassitorino.it\/wp-content\/uploads\/2023\/06\/salone-off-lidia-poet-centro-300x199.webp 300w, https:\/\/villasassitorino.it\/wp-content\/uploads\/2023\/06\/salone-off-lidia-poet-centro-1024x678.webp 1024w, https:\/\/villasassitorino.it\/wp-content\/uploads\/2023\/06\/salone-off-lidia-poet-centro-768x508.webp 768w\" sizes=\"auto, (max-width: 1280px) 100vw, 1280px\"><\/p>\n<p>Credits:<\/p>\n<p><a style=\"color: #000;\" href=\"https:\/\/www.ansa.it\/piemonte\/notizie\/2023\/05\/08\/salone-del-libro-off-un-dejeuner-sur-lherbe-con-lidia-poet_87acfe35-35ac-4ccb-a649-13030eedfc3d.html\" target=\"_blank\" rel=\"noopener\">https:\/\/www.ansa.it\/piemonte\/notizie\/2023\/05\/08\/salone-del-libro-off-un-dejeuner-sur-lherbe-con-lidia-poet_87acfe35-35ac-4ccb-a649-13030eedfc3d.html<\/a><\/p>","protected":false},"excerpt":{"rendered":"<p>Salone del Libro Off, Un d\u00e9jeuner sur l'herbe with Lidia Po\u00ebt<\/p>","protected":false},"author":1,"featured_media":1256,"comment_status":"closed","ping_status":"closed","sticky":false,"template":"","format":"standard","meta":{"footnotes":""},"categories":[1],"tags":[],"class_list":["post-1315","post","type-post","status-publish","format-standard","has-post-thumbnail","hentry","category-press"],"yoast_head":"<!-- This site is optimized with the Yoast SEO plugin v23.8 - https:\/\/yoast.com\/wordpress\/plugins\/seo\/ -->\n<title>Ansa - &quot;Un d\u00e9jeuner sur l&#039;herbe con Lidia Po\u00ebt&quot;<\/title>\n<meta name=\"description\" content=\"(ANSA) Domenica 14 maggio alle 11:30, nell&#039;ambito del palinsesto del Salone del Libro Off, a Villa Sassi si terr\u00e0 &quot;Un d\u00e9jeuner sur l&#039;herbe con Lidia Po\u00ebt&quot;, un appuntamento dedicato alla presentazione del libro &quot;Lidia Po\u00ebt.\" \/>\n<meta name=\"robots\" content=\"index, follow, max-snippet:-1, max-image-preview:large, max-video-preview:-1\" \/>\n<link rel=\"canonical\" href=\"https:\/\/villasassitorino.it\/en\/ansa\/\" \/>\n<meta property=\"og:locale\" content=\"en_GB\" \/>\n<meta property=\"og:type\" content=\"article\" \/>\n<meta property=\"og:title\" content=\"Ansa - &quot;Un d\u00e9jeuner sur l&#039;herbe con Lidia Po\u00ebt&quot;\" \/>\n<meta property=\"og:description\" content=\"(ANSA) Domenica 14 maggio alle 11:30, nell&#039;ambito del palinsesto del Salone del Libro Off, a Villa Sassi si terr\u00e0 &quot;Un d\u00e9jeuner sur l&#039;herbe con Lidia Po\u00ebt&quot;, un appuntamento dedicato alla presentazione del libro &quot;Lidia Po\u00ebt.\" \/>\n<meta property=\"og:url\" content=\"https:\/\/villasassitorino.it\/en\/ansa\/\" \/>\n<meta property=\"og:site_name\" content=\"Location Matrimoni a Torino\" \/>\n<meta property=\"article:publisher\" content=\"https:\/\/www.facebook.com\/villasassitorino\" \/>\n<meta property=\"article:published_time\" content=\"2023-06-27T14:21:48+00:00\" \/>\n<meta property=\"article:modified_time\" content=\"2023-07-18T16:13:12+00:00\" \/>\n<meta property=\"og:image\" content=\"https:\/\/villasassitorino.it\/wp-content\/uploads\/2023\/06\/VILLASASSI_DAY_HDEF_@fabiooggero_03.webp\" \/>\n\t<meta property=\"og:image:width\" content=\"1280\" \/>\n\t<meta property=\"og:image:height\" content=\"834\" \/>\n\t<meta property=\"og:image:type\" content=\"image\/webp\" \/>\n<meta name=\"author\" content=\"admin\" \/>\n<meta name=\"twitter:card\" content=\"summary_large_image\" \/>\n<meta name=\"twitter:label1\" content=\"Written by\" \/>\n\t<meta name=\"twitter:data1\" content=\"admin\" \/>\n\t<meta name=\"twitter:label2\" content=\"Estimated reading time\" \/>\n\t<meta name=\"twitter:data2\" content=\"1 minute\" \/>\n<script type=\"application\/ld+json\" class=\"yoast-schema-graph\">{\"@context\":\"https:\/\/schema.org\",\"@graph\":[{\"@type\":\"Article\",\"@id\":\"https:\/\/villasassitorino.it\/ansa\/#article\",\"isPartOf\":{\"@id\":\"https:\/\/villasassitorino.it\/ansa\/\"},\"author\":{\"name\":\"admin\",\"@id\":\"https:\/\/villasassitorino.it\/#\/schema\/person\/485ffbc167181628706be79737b72186\"},\"headline\":\"Ansa\",\"datePublished\":\"2023-06-27T14:21:48+00:00\",\"dateModified\":\"2023-07-18T16:13:12+00:00\",\"mainEntityOfPage\":{\"@id\":\"https:\/\/villasassitorino.it\/ansa\/\"},\"wordCount\":17,\"publisher\":{\"@id\":\"https:\/\/villasassitorino.it\/#organization\"},\"image\":{\"@id\":\"https:\/\/villasassitorino.it\/ansa\/#primaryimage\"},\"thumbnailUrl\":\"https:\/\/villasassitorino.it\/wp-content\/uploads\/2023\/06\/VILLASASSI_DAY_HDEF_@fabiooggero_03.webp\",\"articleSection\":[\"Press\"],\"inLanguage\":\"en-GB\"},{\"@type\":\"WebPage\",\"@id\":\"https:\/\/villasassitorino.it\/ansa\/\",\"url\":\"https:\/\/villasassitorino.it\/ansa\/\",\"name\":\"Ansa - \\\"Un d\u00e9jeuner sur l'herbe con Lidia Po\u00ebt\\\"\",\"isPartOf\":{\"@id\":\"https:\/\/villasassitorino.it\/#website\"},\"primaryImageOfPage\":{\"@id\":\"https:\/\/villasassitorino.it\/ansa\/#primaryimage\"},\"image\":{\"@id\":\"https:\/\/villasassitorino.it\/ansa\/#primaryimage\"},\"thumbnailUrl\":\"https:\/\/villasassitorino.it\/wp-content\/uploads\/2023\/06\/VILLASASSI_DAY_HDEF_@fabiooggero_03.webp\",\"datePublished\":\"2023-06-27T14:21:48+00:00\",\"dateModified\":\"2023-07-18T16:13:12+00:00\",\"description\":\"(ANSA) Domenica 14 maggio alle 11:30, nell'ambito del palinsesto del Salone del Libro Off, a Villa Sassi si terr\u00e0 \\\"Un d\u00e9jeuner sur l'herbe con Lidia Po\u00ebt\\\", un appuntamento dedicato alla presentazione del libro \\\"Lidia Po\u00ebt.\",\"breadcrumb\":{\"@id\":\"https:\/\/villasassitorino.it\/ansa\/#breadcrumb\"},\"inLanguage\":\"en-GB\",\"potentialAction\":[{\"@type\":\"ReadAction\",\"target\":[\"https:\/\/villasassitorino.it\/ansa\/\"]}]},{\"@type\":\"ImageObject\",\"inLanguage\":\"en-GB\",\"@id\":\"https:\/\/villasassitorino.it\/ansa\/#primaryimage\",\"url\":\"https:\/\/villasassitorino.it\/wp-content\/uploads\/2023\/06\/VILLASASSI_DAY_HDEF_@fabiooggero_03.webp\",\"contentUrl\":\"https:\/\/villasassitorino.it\/wp-content\/uploads\/2023\/06\/VILLASASSI_DAY_HDEF_@fabiooggero_03.webp\",\"width\":1280,\"height\":834,\"caption\":\"Salone del Libro Off, Un d\u00e9jeuner sur l'herbe con Lidia Po\u00ebt\"},{\"@type\":\"BreadcrumbList\",\"@id\":\"https:\/\/villasassitorino.it\/ansa\/#breadcrumb\",\"itemListElement\":[{\"@type\":\"ListItem\",\"position\":1,\"name\":\"Home\",\"item\":\"https:\/\/villasassitorino.it\/\"},{\"@type\":\"ListItem\",\"position\":2,\"name\":\"Ansa\"}]},{\"@type\":\"WebSite\",\"@id\":\"https:\/\/villasassitorino.it\/#website\",\"url\":\"https:\/\/villasassitorino.it\/\",\"name\":\"Villa Sassi\",\"description\":\"\",\"publisher\":{\"@id\":\"https:\/\/villasassitorino.it\/#organization\"},\"potentialAction\":[{\"@type\":\"SearchAction\",\"target\":{\"@type\":\"EntryPoint\",\"urlTemplate\":\"https:\/\/villasassitorino.it\/?s={search_term_string}\"},\"query-input\":{\"@type\":\"PropertyValueSpecification\",\"valueRequired\":true,\"valueName\":\"search_term_string\"}}],\"inLanguage\":\"en-GB\"},{\"@type\":\"Organization\",\"@id\":\"https:\/\/villasassitorino.it\/#organization\",\"name\":\"Villa Sassi\",\"url\":\"https:\/\/villasassitorino.it\/\",\"logo\":{\"@type\":\"ImageObject\",\"inLanguage\":\"en-GB\",\"@id\":\"https:\/\/villasassitorino.it\/#\/schema\/logo\/image\/\",\"url\":\"https:\/\/villasassitorino.it\/wp-content\/uploads\/2023\/05\/Villa-Sassi-logo.svg\",\"contentUrl\":\"https:\/\/villasassitorino.it\/wp-content\/uploads\/2023\/05\/Villa-Sassi-logo.svg\",\"width\":500,\"height\":310,\"caption\":\"Villa Sassi\"},\"image\":{\"@id\":\"https:\/\/villasassitorino.it\/#\/schema\/logo\/image\/\"},\"sameAs\":[\"https:\/\/www.facebook.com\/villasassitorino\",\"https:\/\/www.instagram.com\/villasassitorino\/\"]},{\"@type\":\"Person\",\"@id\":\"https:\/\/villasassitorino.it\/#\/schema\/person\/485ffbc167181628706be79737b72186\",\"name\":\"admin\",\"image\":{\"@type\":\"ImageObject\",\"inLanguage\":\"en-GB\",\"@id\":\"https:\/\/villasassitorino.it\/#\/schema\/person\/image\/\",\"url\":\"https:\/\/secure.gravatar.com\/avatar\/8a9d9fe11cf3d8d24958a00d71b3b4e21da133ea01febef2226b53a58e67337f?s=96&d=mm&r=g\",\"contentUrl\":\"https:\/\/secure.gravatar.com\/avatar\/8a9d9fe11cf3d8d24958a00d71b3b4e21da133ea01febef2226b53a58e67337f?s=96&d=mm&r=g\",\"caption\":\"admin\"},\"sameAs\":[\"https:\/\/villasassitorino.it\"],\"url\":\"https:\/\/villasassitorino.it\/en\/author\/tobe-web\/\"}]}<\/script>\n<!-- \/ Yoast SEO plugin. -->","yoast_head_json":{"title":"Ansa - \"Un d\u00e9jeuner sur l'herbe con Lidia Po\u00ebt\"","description":"(ANSA) Domenica 14 maggio alle 11:30, nell'ambito del palinsesto del Salone del Libro Off, a Villa Sassi si terr\u00e0 \"Un d\u00e9jeuner sur l'herbe con Lidia Po\u00ebt\", un appuntamento dedicato alla presentazione del libro \"Lidia Po\u00ebt.","robots":{"index":"index","follow":"follow","max-snippet":"max-snippet:-1","max-image-preview":"max-image-preview:large","max-video-preview":"max-video-preview:-1"},"canonical":"https:\/\/villasassitorino.it\/en\/ansa\/","og_locale":"en_GB","og_type":"article","og_title":"Ansa - \"Un d\u00e9jeuner sur l'herbe con Lidia Po\u00ebt\"","og_description":"(ANSA) Domenica 14 maggio alle 11:30, nell'ambito del palinsesto del Salone del Libro Off, a Villa Sassi si terr\u00e0 \"Un d\u00e9jeuner sur l'herbe con Lidia Po\u00ebt\", un appuntamento dedicato alla presentazione del libro \"Lidia Po\u00ebt.","og_url":"https:\/\/villasassitorino.it\/en\/ansa\/","og_site_name":"Location Matrimoni a Torino","article_publisher":"https:\/\/www.facebook.com\/villasassitorino","article_published_time":"2023-06-27T14:21:48+00:00","article_modified_time":"2023-07-18T16:13:12+00:00","og_image":[{"width":1280,"height":834,"url":"https:\/\/villasassitorino.it\/wp-content\/uploads\/2023\/06\/VILLASASSI_DAY_HDEF_@fabiooggero_03.webp","type":"image\/webp"}],"author":"admin","twitter_card":"summary_large_image","twitter_misc":{"Written by":"admin","Estimated reading time":"1 minute"},"schema":{"@context":"https:\/\/schema.org","@graph":[{"@type":"Article","@id":"https:\/\/villasassitorino.it\/ansa\/#article","isPartOf":{"@id":"https:\/\/villasassitorino.it\/ansa\/"},"author":{"name":"admin","@id":"https:\/\/villasassitorino.it\/#\/schema\/person\/485ffbc167181628706be79737b72186"},"headline":"Ansa","datePublished":"2023-06-27T14:21:48+00:00","dateModified":"2023-07-18T16:13:12+00:00","mainEntityOfPage":{"@id":"https:\/\/villasassitorino.it\/ansa\/"},"wordCount":17,"publisher":{"@id":"https:\/\/villasassitorino.it\/#organization"},"image":{"@id":"https:\/\/villasassitorino.it\/ansa\/#primaryimage"},"thumbnailUrl":"https:\/\/villasassitorino.it\/wp-content\/uploads\/2023\/06\/VILLASASSI_DAY_HDEF_@fabiooggero_03.webp","articleSection":["Press"],"inLanguage":"en-GB"},{"@type":"WebPage","@id":"https:\/\/villasassitorino.it\/ansa\/","url":"https:\/\/villasassitorino.it\/ansa\/","name":"Ansa - \"Un d\u00e9jeuner sur l'herbe con Lidia Po\u00ebt\"","isPartOf":{"@id":"https:\/\/villasassitorino.it\/#website"},"primaryImageOfPage":{"@id":"https:\/\/villasassitorino.it\/ansa\/#primaryimage"},"image":{"@id":"https:\/\/villasassitorino.it\/ansa\/#primaryimage"},"thumbnailUrl":"https:\/\/villasassitorino.it\/wp-content\/uploads\/2023\/06\/VILLASASSI_DAY_HDEF_@fabiooggero_03.webp","datePublished":"2023-06-27T14:21:48+00:00","dateModified":"2023-07-18T16:13:12+00:00","description":"(ANSA) Domenica 14 maggio alle 11:30, nell'ambito del palinsesto del Salone del Libro Off, a Villa Sassi si terr\u00e0 \"Un d\u00e9jeuner sur l'herbe con Lidia Po\u00ebt\", un appuntamento dedicato alla presentazione del libro \"Lidia Po\u00ebt.","breadcrumb":{"@id":"https:\/\/villasassitorino.it\/ansa\/#breadcrumb"},"inLanguage":"en-GB","potentialAction":[{"@type":"ReadAction","target":["https:\/\/villasassitorino.it\/ansa\/"]}]},{"@type":"ImageObject","inLanguage":"en-GB","@id":"https:\/\/villasassitorino.it\/ansa\/#primaryimage","url":"https:\/\/villasassitorino.it\/wp-content\/uploads\/2023\/06\/VILLASASSI_DAY_HDEF_@fabiooggero_03.webp","contentUrl":"https:\/\/villasassitorino.it\/wp-content\/uploads\/2023\/06\/VILLASASSI_DAY_HDEF_@fabiooggero_03.webp","width":1280,"height":834,"caption":"Salone del Libro Off, Un d\u00e9jeuner sur l'herbe con Lidia Po\u00ebt"},{"@type":"BreadcrumbList","@id":"https:\/\/villasassitorino.it\/ansa\/#breadcrumb","itemListElement":[{"@type":"ListItem","position":1,"name":"Home","item":"https:\/\/villasassitorino.it\/"},{"@type":"ListItem","position":2,"name":"Ansa"}]},{"@type":"WebSite","@id":"https:\/\/villasassitorino.it\/#website","url":"https:\/\/villasassitorino.it\/","name":"Villa Sassi","description":"","publisher":{"@id":"https:\/\/villasassitorino.it\/#organization"},"potentialAction":[{"@type":"SearchAction","target":{"@type":"EntryPoint","urlTemplate":"https:\/\/villasassitorino.it\/?s={search_term_string}"},"query-input":{"@type":"PropertyValueSpecification","valueRequired":true,"valueName":"search_term_string"}}],"inLanguage":"en-GB"},{"@type":"Organization","@id":"https:\/\/villasassitorino.it\/#organization","name":"Villa Sassi","url":"https:\/\/villasassitorino.it\/","logo":{"@type":"ImageObject","inLanguage":"en-GB","@id":"https:\/\/villasassitorino.it\/#\/schema\/logo\/image\/","url":"https:\/\/villasassitorino.it\/wp-content\/uploads\/2023\/05\/Villa-Sassi-logo.svg","contentUrl":"https:\/\/villasassitorino.it\/wp-content\/uploads\/2023\/05\/Villa-Sassi-logo.svg","width":500,"height":310,"caption":"Villa Sassi"},"image":{"@id":"https:\/\/villasassitorino.it\/#\/schema\/logo\/image\/"},"sameAs":["https:\/\/www.facebook.com\/villasassitorino","https:\/\/www.instagram.com\/villasassitorino\/"]},{"@type":"Person","@id":"https:\/\/villasassitorino.it\/#\/schema\/person\/485ffbc167181628706be79737b72186","name":"admin","image":{"@type":"ImageObject","inLanguage":"en-GB","@id":"https:\/\/villasassitorino.it\/#\/schema\/person\/image\/","url":"https:\/\/secure.gravatar.com\/avatar\/8a9d9fe11cf3d8d24958a00d71b3b4e21da133ea01febef2226b53a58e67337f?s=96&d=mm&r=g","contentUrl":"https:\/\/secure.gravatar.com\/avatar\/8a9d9fe11cf3d8d24958a00d71b3b4e21da133ea01febef2226b53a58e67337f?s=96&d=mm&r=g","caption":"admin"},"sameAs":["https:\/\/villasassitorino.it"],"url":"https:\/\/villasassitorino.it\/en\/author\/tobe-web\/"}]}},"_links":{"self":[{"href":"https:\/\/villasassitorino.it\/en\/wp-json\/wp\/v2\/posts\/1315","targetHints":{"allow":["GET"]}}],"collection":[{"href":"https:\/\/villasassitorino.it\/en\/wp-json\/wp\/v2\/posts"}],"about":[{"href":"https:\/\/villasassitorino.it\/en\/wp-json\/wp\/v2\/types\/post"}],"author":[{"embeddable":true,"href":"https:\/\/villasassitorino.it\/en\/wp-json\/wp\/v2\/users\/1"}],"replies":[{"embeddable":true,"href":"https:\/\/villasassitorino.it\/en\/wp-json\/wp\/v2\/comments?post=1315"}],"version-history":[{"count":1,"href":"https:\/\/villasassitorino.it\/en\/wp-json\/wp\/v2\/posts\/1315\/revisions"}],"predecessor-version":[{"id":1587,"href":"https:\/\/villasassitorino.it\/en\/wp-json\/wp\/v2\/posts\/1315\/revisions\/1587"}],"wp:featuredmedia":[{"embeddable":true,"href":"https:\/\/villasassitorino.it\/en\/wp-json\/wp\/v2\/media\/1256"}],"wp:attachment":[{"href":"https:\/\/villasassitorino.it\/en\/wp-json\/wp\/v2\/media?parent=1315"}],"wp:term":[{"taxonomy":"category","embeddable":true,"href":"https:\/\/villasassitorino.it\/en\/wp-json\/wp\/v2\/categories?post=1315"},{"taxonomy":"post_tag","embeddable":true,"href":"https:\/\/villasassitorino.it\/en\/wp-json\/wp\/v2\/tags?post=1315"}],"curies":[{"name":"wp","href":"https:\/\/api.w.org\/{rel}","templated":true}]}}